{"id":14589,"date":"2026-09-04T12:15:00","date_gmt":"2026-09-04T15:15:00","guid":{"rendered":"https:\/\/www.eldiariopba.com\/noticias\/?p=14589"},"modified":"2026-09-04T12:15:03","modified_gmt":"2026-09-04T15:15:03","slug":"propato-denuncia-la-venta-de-inmuebles-estrategicos-de-defensa-se-esta-rematando-patrimonio-nacional","status":"publish","type":"post","link":"http:\/\/www.eldiariopba.com\/noticias\/politica\/propato-denuncia-la-venta-de-inmuebles-estrategicos-de-defensa-se-esta-rematando-patrimonio-nacional\/","title":{"rendered":"Propato denuncia la venta de inmuebles estrat\u00e9gicos de Defensa: \u201cSe est\u00e1 rematando patrimonio nacional\u201d"},"content":{"rendered":"\n<p class=\"wp-block-paragraph\">La diputada Agustina Propato present\u00f3 un proyecto de resoluci\u00f3n para exigir explicaciones al Poder Ejecutivo por la enajenaci\u00f3n de inmuebles asignados a Defensa. Advirti\u00f3 que la p\u00e9rdida de instalaciones en Ushuaia, Mar del Plata y Punta Indio puede debilitar capacidades estrat\u00e9gicas vinculadas al Atl\u00e1ntico Sur y la soberan\u00eda nacional.<\/p>\n\n\n<div class=\"elementor elementor-33849\" data-elementor-type=\"wp-post\" data-elementor-id=\"33849\" data-elementor-post-type=\"post\">\n<div class=\"elementor-element elementor-element-32e53b9 e-flex e-con-boxed e-con e-parent\" data-id=\"32e53b9\" data-element_type=\"container\">\n<div class=\"e-con-inner\">\n<div class=\"elementor-element elementor-element-b2957ee elementor-widget elementor-widget-text-editor\" data-id=\"b2957ee\" data-element_type=\"widget\" data-widget_type=\"text-editor.default\">\n<div class=\"elementor-widget-container\">\n<div class=\"msg-body P_wpofO mq_AS\" data-test-id=\"message-view-body-content\">\n<div class=\"jb_0 X_6MGW N_6Fd5\">\n<div>\n<div id=\"yiv5805696383\">\n<div dir=\"ltr\">\n<p>La Diputada\u00a0 cuestion\u00f3 la pol\u00edtica del Gobierno de Javier Milei respecto de los bienes inmuebles asignados al sistema de Defensa Nacional y advirti\u00f3 sobre la posible p\u00e9rdida de instalaciones militares consideradas estrat\u00e9gicas.<\/p>\n<p>En un proyecto de resoluci\u00f3n presentado ante la C\u00e1mara de Diputados de la Naci\u00f3n, solicit\u00f3 al Poder Ejecutivo informaci\u00f3n \u201cexhaustiva y detallada\u201d sobre la enajenaci\u00f3n de inmuebles pertenecientes al Ministerio de Defensa y a las Fuerzas Armadas.<\/p>\n<p>Uno de los casos se\u00f1alados es un predio de\u00a0<strong>382.594,79 metros cuadrados ubicado en Ushuaia<\/strong>, cuya disposici\u00f3n y enajenaci\u00f3n fue autorizada mediante el Decreto 764\/2026. Propato reclama conocer los fundamentos de esa decisi\u00f3n y si el Ministerio de Defensa y la Armada Argentina fueron consultados antes de avanzar.<\/p>\n<p>La pregunta de fondo resulta inc\u00f3moda:\u00a0<strong>\u00bfqu\u00e9 ocurre cuando un Estado decide desprenderse de infraestructura militar ubicada en puntos considerados estrat\u00e9gicos?<\/strong><\/p>\n<h2>Mar del Plata y Punta Indio, bajo la lupa<\/h2>\n<p>El proyecto tambi\u00e9n pone el foco sobre la\u00a0<strong>Base Naval de Mar del Plata<\/strong>. Propato pidi\u00f3 conocer si est\u00e1 previsto desafectar el predio donde funciona actualmente y si existe un proyecto para trasladar la base o algunas de las \u00e1reas que all\u00ed desarrollan sus actividades.<\/p>\n<p>Entre ellas menciona al Comando de la Fuerza de Submarinos, la Escuela de Submarinos, el \u00c1rea Naval Atl\u00e1ntica, la Divisi\u00f3n de Patrullado Mar\u00edtimo y la Agrupaci\u00f3n de Buzos T\u00e1cticos.<\/p>\n<p><a href=\"http:\/\/www.eldiariopba.com\/noticias\/wp-content\/uploads\/2026\/09\/propato.gif\"><img loading=\"lazy\" decoding=\"async\" class=\"wp-image-14590  alignright\" src=\"http:\/\/www.eldiariopba.com\/noticias\/wp-content\/uploads\/2026\/09\/propato.gif\" alt=\"\" width=\"464\" height=\"237\" \/><\/a><\/p>\n<p>La diputada tambi\u00e9n reclama precisiones sobre el destino del dinero obtenido por la eventual venta de inmuebles y pregunta si esas operaciones se encuentran contempladas dentro del denominado\u00a0<strong>\u201cPlan ARMA\u201d<\/strong>.<\/p>\n<p>El tercer punto de preocupaci\u00f3n es\u00a0<strong>Punta Indio<\/strong>, donde funcion\u00f3 la Base Aeronaval de la Armada Argentina. El proyecto pregunta espec\u00edficamente si est\u00e1 prevista la disposici\u00f3n y enajenaci\u00f3n del predio con fines inmobiliarios.<\/p>\n<h2>\u201cSe est\u00e1 rematando un patrimonio nacional\u201d<\/h2>\n<p>En su declaraci\u00f3n, Propato fue categ\u00f3rica al cuestionar lo que considera una pol\u00edtica de desarticulaci\u00f3n del sistema de Defensa Nacional.<\/p>\n<p>\u201cEst\u00e1n desarticulando y vendiendo deliberadamente tres inmuebles del Sistema de Defensa Nacional que poseen un alto valor estrat\u00e9gico\u201d, sostuvo la diputada, quien ubic\u00f3 en el mismo escenario a Ushuaia, Mar del Plata y Punta Indio.<\/p>\n<p>Para Propato, se trata de una \u201cdespatrimonializaci\u00f3n del Sistema de Defensa Nacional\u201d y de un patrimonio hist\u00f3rico que considera \u201cinsustituible y manifiestamente estrat\u00e9gico\u201d.<\/p>\n<p>La cr\u00edtica apunta directamente al criterio utilizado para desprenderse de estos bienes. En lugar de analizar los inmuebles solamente como activos susceptibles de convertirse en recursos fiscales, la diputada plantea que deben ser evaluados por su funci\u00f3n territorial, militar y estrat\u00e9gica.<\/p>\n<h2>La soberan\u00eda frente al ajuste fiscal<\/h2>\n<p>Propato vincula la discusi\u00f3n con el escenario del Atl\u00e1ntico Sur, las v\u00edas navegables, las infraestructuras cr\u00edticas, el paso bioce\u00e1nico y la proyecci\u00f3n ant\u00e1rtica. Tambi\u00e9n menciona la disputa de soberan\u00eda con el Reino Unido de Gran Breta\u00f1a por las Islas Malvinas, Georgias del Sur, Sandwich del Sur y los espacios mar\u00edtimos e insulares correspondientes.<\/p>\n<p>Desde esa perspectiva, sostiene que renunciar a bases militares ubicadas en Ushuaia, Punta Indio y Mar del Plata constituye una decisi\u00f3n contraria al inter\u00e9s nacional y puede afectar el control geopol\u00edtico y el despliegue de derechos soberanos.<\/p>\n<p>El planteo tambi\u00e9n alcanza a la Constituci\u00f3n Nacional. Seg\u00fan Propato, el debilitamiento de la infraestructura militar y territorial en puntos cercanos al Atl\u00e1ntico Sur compromete el cumplimiento efectivo de la\u00a0<strong>Cl\u00e1usula Transitoria Primera<\/strong>, vinculada al reclamo argentino de soberan\u00eda sobre las Islas Malvinas y los espacios correspondientes.<\/p>\n<h2>Un proyecto que exige respuestas al Gobierno<\/h2>\n<p>El proyecto de resoluci\u00f3n no se limita a cuestionar la eventual venta. Tambi\u00e9n exige conocer si existen estudios oficiales sobre la conveniencia de enajenar los predios, si fueron consultadas las autoridades militares y si se evalu\u00f3 la importancia estrat\u00e9gica de las instalaciones.<\/p>\n<p>En particular, Propato reclama documentaci\u00f3n oficial sobre la posibilidad o conveniencia de vender los predios correspondientes a la Base Naval de Mar del Plata y a la Base Aeronaval de Punta Indio.<\/p>\n<p>La discusi\u00f3n expone as\u00ed una tensi\u00f3n central de la pol\u00edtica del Gobierno de Javier Milei:\u00a0<strong>si la necesidad de obtener recursos y reducir el patrimonio estatal puede justificar el desprendimiento de instalaciones que, por su ubicaci\u00f3n, tienen una funci\u00f3n estrat\u00e9gica que excede ampliamente su valor inmobiliario<\/strong>.<\/p>\n<p>\u201cLa soberan\u00eda nacional no puede ser una variable de ajuste para sostener el equilibrio fiscal\u201d, afirm\u00f3 Propato. Y advirti\u00f3 que garantizar las capacidades operativas y el resguardo territorial constituye una responsabilidad que, a su entender, el Estado Nacional no puede delegar ni subordinar exclusivamente a criterios fiscales.<\/p>\n<\/div>\n<\/div>\n<\/div>\n<\/div>\n<\/div>\n<div class=\"jb_0 X_6MGW N_6Fd5\">\n<div class=\"P_0 je_fq7\">\n<div class=\"W_3n93F p_R\" data-test-id=\"attachment-item\">\u00a0<\/div>\n<\/div>\n<\/div>\n<\/div>\n<\/div>\n<\/div>\n<\/div>\n<\/div>","protected":false},"excerpt":{"rendered":"<p>La diputada Agustina Propato present\u00f3 un proyecto de resoluci\u00f3n para exigir explicaciones al Poder Ejecutivo por la enajenaci\u00f3n de inmuebles asignados a Defensa. Advirti\u00f3 que la p\u00e9rdida de instalaciones en Ushuaia, Mar del Plata y Punta Indio puede debilitar capacidades estrat\u00e9gicas vinculadas al Atl\u00e1ntico Sur y la soberan\u00eda nacional. La Diputada\u00a0 cuestion\u00f3 la pol\u00edtica del&#8230;<\/p>\n","protected":false},"author":4,"featured_media":14590,"comment_status":"closed","ping_status":"closed","sticky":false,"template":"","format":"standard","meta":{"_jetpack_memberships_contains_paid_content":false,"footnotes":"","jetpack_publicize_message":"","jetpack_publicize_feature_enabled":true,"jetpack_social_post_already_shared":true,"jetpack_social_options":{"image_generator_settings":{"template":"highway","default_image_id":0,"font":"","enabled":false},"version":2}},"categories":[15],"tags":[1607,1604,1606,1610,1608,1609],"class_list":["post-14589","post","type-post","status-publish","format-standard","has-post-thumbnail","hentry","category-politica","tag-agustina-propatp","tag-defensa","tag-estrategicos","tag-patrimimonio-nacional","tag-proyecto","tag-venta-inmuebles"],"jetpack_publicize_connections":[],"jetpack_featured_media_url":"http:\/\/www.eldiariopba.com\/noticias\/wp-content\/uploads\/2026\/09\/propato.gif","jetpack_sharing_enabled":true,"_links":{"self":[{"href":"http:\/\/www.eldiariopba.com\/noticias\/wp-json\/wp\/v2\/posts\/14589","targetHints":{"allow":["GET"]}}],"collection":[{"href":"http:\/\/www.eldiariopba.com\/noticias\/wp-json\/wp\/v2\/posts"}],"about":[{"href":"http:\/\/www.eldiariopba.com\/noticias\/wp-json\/wp\/v2\/types\/post"}],"author":[{"embeddable":true,"href":"http:\/\/www.eldiariopba.com\/noticias\/wp-json\/wp\/v2\/users\/4"}],"replies":[{"embeddable":true,"href":"http:\/\/www.eldiariopba.com\/noticias\/wp-json\/wp\/v2\/comments?post=14589"}],"version-history":[{"count":1,"href":"http:\/\/www.eldiariopba.com\/noticias\/wp-json\/wp\/v2\/posts\/14589\/revisions"}],"predecessor-version":[{"id":14591,"href":"http:\/\/www.eldiariopba.com\/noticias\/wp-json\/wp\/v2\/posts\/14589\/revisions\/14591"}],"wp:featuredmedia":[{"embeddable":true,"href":"http:\/\/www.eldiariopba.com\/noticias\/wp-json\/wp\/v2\/media\/14590"}],"wp:attachment":[{"href":"http:\/\/www.eldiariopba.com\/noticias\/wp-json\/wp\/v2\/media?parent=14589"}],"wp:term":[{"taxonomy":"category","embeddable":true,"href":"http:\/\/www.eldiariopba.com\/noticias\/wp-json\/wp\/v2\/categories?post=14589"},{"taxonomy":"post_tag","embeddable":true,"href":"http:\/\/www.eldiariopba.com\/noticias\/wp-json\/wp\/v2\/tags?post=14589"}],"curies":[{"name":"wp","href":"https:\/\/api.w.org\/{rel}","templated":true}]}}