{"id":14585,"date":"2026-09-04T12:06:01","date_gmt":"2026-09-04T15:06:01","guid":{"rendered":"https:\/\/www.eldiariopba.com\/noticias\/?p=14585"},"modified":"2026-09-04T12:06:02","modified_gmt":"2026-09-04T15:06:02","slug":"que-hacer-este-fin-de-semana-en-moreno-17","status":"publish","type":"post","link":"http:\/\/www.eldiariopba.com\/noticias\/moreno\/que-hacer-este-fin-de-semana-en-moreno-17\/","title":{"rendered":"Qu\u00e9 hacer este fin de semana en Moreno"},"content":{"rendered":"\n<p class=\"wp-block-paragraph\">Del 4 al 6 de septiembre, el Municipio de Moreno invita a disfrutar de actividades culturales, tur\u00edsticas y recreativas en distintos espacios del distrito. Las propuestas incluyen teatro, m\u00fasica, ferias y visitas guiadas, con entrada libre y gratuita.<\/p>\n\n\n<div class=\"elementor elementor-33849\" data-elementor-type=\"wp-post\" data-elementor-id=\"33849\" data-elementor-post-type=\"post\">\n<div class=\"elementor-element elementor-element-32e53b9 e-flex e-con-boxed e-con e-parent\" data-id=\"32e53b9\" data-element_type=\"container\">\n<div class=\"e-con-inner\">\n<div class=\"elementor-element elementor-element-b2957ee elementor-widget elementor-widget-text-editor\" data-id=\"b2957ee\" data-element_type=\"widget\" data-widget_type=\"text-editor.default\">\n<div class=\"elementor-widget-container\">\n<p>El Museo Florencio Molina Campos, ubicado en Molina Campos 364, renov\u00f3 sus horarios y abrir\u00e1 los s\u00e1bados, domingos y feriados de 14 a 19 horas, con visitas guiadas a las 16 horas. El s\u00e1bado, a las 15 horas, se realizar\u00e1 la peatonal bailable con m\u00fasica en vivo, ballets folcl\u00f3ricos, feria y la posibilidad de recorrer el museo de forma libre. El domingo, a las 18 horas, el caf\u00e9 del museo recibir\u00e1 a \u00abAtemporal Duo\u00bb, que presentar\u00e1 su nuevo EP con un espect\u00e1culo de m\u00fasica en vivo.<\/p>\n<p>Tambi\u00e9n contin\u00faan en el Museo Municipal de Bellas Artes \u201cManuel Belgrano\u201d, ubicado en Dr. Vera 249, Moreno Centro, las exposiciones \u201cRa\u00edces\u201d, de Antonio Zamuz, y \u201cDel Yo a Nosotros\u201d, de la Colectiva Gr\u00e1fica CASIUNBONDI. Ambas muestras podr\u00e1n visitarse de lunes a viernes, de 9 a 16 horas, hasta el mi\u00e9rcoles 9 de septiembre.<\/p>\n<p>En el Teatro Municipal Leopoldo Marechal, ubicado en Asconap\u00e9 85, Moreno Centro, se presentar\u00e1 el viernes 4, a las 21 horas, \u00abLa vida es un loop\u00bb, una obra teatral de Dar\u00edo Scarnatto que narra el encuentro de un grupo de docentes con padres que irrumpen en la escuela para solicitar una reuni\u00f3n, en una situaci\u00f3n cotidiana que se transforma en un simulacro desopilante y repetitivo. Mientras que el s\u00e1bado 5, a las 20:30 horas, llegar\u00e1 \u00abWANG + Terminator 2\u00bb, una propuesta en la que el d\u00fao de rock progresivo WANG musicalizar\u00e1 en vivo el cl\u00e1sico cinematogr\u00e1fico \u00abTerminator 2: el juicio final\u00bb, en una experiencia que combinar\u00e1 la proyecci\u00f3n en pantalla grande con la potencia de los instrumentos en directo.<\/p>\n<p>Durante el fin de semana se podr\u00e1n recorrer diversas ferias artesanales y espacios de la econom\u00eda popular en distintos puntos del distrito. Para conocer m\u00e1s detalles se pueden consultar las redes oficiales de @imdel_moreno.<\/p>\n<p>El viernes 4, estar\u00e1n disponibles el Predio Ferial Mercado Cuartel V, de 8 a 16 horas, en Avenida Derqui 6238, entre La M\u00fasica y El Teatro, Cuartel V; el Paseo Belgrano, de 9 a 17 horas, en Mitre y Belgrano, Moreno Centro; y el Paseo de la Econom\u00eda Popular, de 9 a 17 horas, en Belgrano y Mitre, Moreno Sur.<\/p>\n<p>El s\u00e1bado 5, funcionar\u00e1n la Feria Soy Agraria, de 15 a 18 horas, en la Peatonal Gauchesca del Museo Molina Campos; el Predio Ferial Mercado Cuartel V, de 8 a 16 horas, en Avenida Derqui 6238, entre La M\u00fasica y El Teatro, Cuartel V; el Paseo de la Econom\u00eda Popular, de 9 a 17 horas, en Belgrano y Av. Mitre, Moreno Centro; el Predio Ferial La Bibiana, de 9 a 17 horas, en Ruta 23 y O\u2019Brien; el Paseo Belgrano, de 9 a 17 horas, en Av. Mitre y Belgrano, Moreno Centro; la Feria Artesanal de Moreno, de 10 a 18 horas, en Plaza San Mart\u00edn, Moreno Centro; la Feria Fe y Esperanza, de 10 a 20 horas, en Mart\u00ednez Melo y Chascom\u00fas, Moreno Sur; la Feria Los Robles, de 12 a 18 horas, en la Reserva Municipal Los Robles, Benito Ju\u00e1rez y Alberto Williams, La Reja; y la Feria Mixta, de 15 a 19 horas, en Plaza Dr. Buj\u00e1n, ubicada en Av. Mitre y Justo Daract, Paso del Rey.<\/p>\n<p>El domingo 6, abrir\u00e1n el Predio Ferial Mercado Cuartel V, de 8 a 16 horas, en Avenida Derqui 6238, entre La M\u00fasica y El Teatro, Cuartel V; el Predio Ferial La Bibiana, de 9 a 17 horas, en Ruta 23 y O\u2019Brien; la Feria Los Robles, de 12 a 18 horas, en la Reserva Municipal Los Robles, Benito Ju\u00e1rez y Alberto Williams, La Reja; la Feria Favaloro, de 13 a 19 horas, en Bustos y Benito Ju\u00e1rez, La Reja; la Feria \u00c1lvarez, de 15 a 18 horas, en el Parque Recreativo de Francisco \u00c1lvarez, en Ruta 7 y Mamerto Esqui\u00fa; y la Feria de Artesanos y Productores, de 15 a 19 horas, en Plaza Dr. Buj\u00e1n, Mitre y Justo Daract, Paso del Rey.<\/p>\n<p>El s\u00e1bado 5, de 10 a 17 horas, comenzar\u00e1 el Pre Plant\u00edn Floral en Plaza San Mart\u00edn, ubicada en Av. del Libertador y Av. Mitre, Moreno Centro. La propuesta ofrecer\u00e1 dos jornadas previas a la Fiesta del Plant\u00edn Floral en las cuales se podr\u00e1n adquirir plantas, plantines y flores producidas en el distrito.<\/p>\n<p>El mismo d\u00eda, el Bus Tur\u00edstico ofrecer\u00e1 la \u00abRuta del plant\u00edn floral\u00bb, un recorrido por diferentes viveros morenenses para conocer los procesos productivos y comprar de forma directa a los productores locales. La salida ser\u00e1 a las 8 horas desde el Museo Molina Campos (Molina Campos 364), con regreso previsto para las 13 horas. La inscripci\u00f3n previa se realizar\u00e1 mediante el formulario <a href=\"https:\/\/docs.google.com\/forms\/d\/e\/1FAIpQLSfbWGpXCocY4jiXMYqn_SUcLdMn8ioi1idLgzNxCrqbXinGnQ\/viewform\">https:\/\/docs.google.com\/forms\/d\/e\/1FAIpQLSfbWGpXCocY4jiXMYqn_SUcLdMn8ioi1idLgzNxCrqbXinGnQ\/viewform<\/a><\/p>\n<p>El domingo 6, el Bus Tur\u00edstico llevar\u00e1 adelante el \u00abSafari fotogr\u00e1fico y empanadas en El Dorado\u00bb. La propuesta ofrecer\u00e1 un recorrido por la Estancia El Dorado ubicada en Carlos de Linneo 180, Francisco \u00c1lvarez para conocer la diversidad de su ecosistema junto al Cuerpo de Guardaparques, con un cierre que incluir\u00e1 la degustaci\u00f3n de empanadas. La salida ser\u00e1 a las 10 horas desde Plaza Mariano Moreno, con regreso programado para las 14 horas. La inscripci\u00f3n se realizar\u00e1 a trav\u00e9s del formulario <a href=\"https:\/\/docs.google.com\/forms\/d\/e\/1FAIpQLScyNGdBtpOv5MTXeA4skmmS1VOvRhONAvm2mPqu-LdfHTXFqw\/viewform\">https:\/\/docs.google.com\/forms\/d\/e\/1FAIpQLScyNGdBtpOv5MTXeA4skmmS1VOvRhONAvm2mPqu-LdfHTXFqw\/viewform<\/a><\/p>\n<p>Durante el fin de semana tambi\u00e9n se ofrecer\u00e1n distintas actividades en el Distrito Ecol\u00f3gico Roggero (DER), dentro del \u00c1rea Natural Protegida.<\/p>\n<p><a href=\"http:\/\/www.eldiariopba.com\/noticias\/wp-content\/uploads\/2026\/09\/MORENO-FIN-450.jpg\"><img loading=\"lazy\" decoding=\"async\" class=\"wp-image-14586 size-full alignright\" src=\"http:\/\/www.eldiariopba.com\/noticias\/wp-content\/uploads\/2026\/09\/MORENO-FIN-450.jpg\" alt=\"\" width=\"450\" height=\"296\" srcset=\"http:\/\/www.eldiariopba.com\/noticias\/wp-content\/uploads\/2026\/09\/MORENO-FIN-450.jpg 450w, http:\/\/www.eldiariopba.com\/noticias\/wp-content\/uploads\/2026\/09\/MORENO-FIN-450-300x197.jpg 300w\" sizes=\"auto, (max-width: 450px) 100vw, 450px\" \/><\/a><\/p>\n<p>En la Reserva Natural Municipal Parque Los Robles, ubicada en Benito Ju\u00e1rez y Alberto Williams, La Reja, se desarrollar\u00e1 el Quinto Encuentro de Orquestas de M\u00fasica Popular y Luther\u00eda durante el s\u00e1bado 5 y el domingo 6 de septiembre, con actividades de 11 a 17 horas. La iniciativa invitar\u00e1 a participar de talleres de luther\u00eda y contemplar ensambles musicales en vivo. El evento contar\u00e1 con la participaci\u00f3n de las orquestas \u201cLa Chicharra\u201d, \u201cRa\u00edces\u201d, Ensamble de la UNA, Abramovich, Sue\u00f1o Cumplido, Puente Sur, Folcl\u00f3rica Infanto Juvenil Mor\u00f3n Sur, At\u00edpica, El Campito Comunitario, Sikuris de Mor\u00f3n, Paso del Rey, Da Capo a Fine, \u201cEl Galp\u00f3n\u201d, \u201cCreciendo Juntos\u201d, \u201cRa\u00edces\u201d, \u201cSue\u00f1ero\u201d, Folcl\u00f3rica Popular de Hurlingham, Tunquel\u00e9n, Folcl\u00f3rica Infanto Juvenil de la Municipalidad de Hurlingham, 25 de Mayo, Sol M\u00edo, San Carlos II y Lo + de Maril\u00f3.<\/p>\n<p>Desde las 16 horas, se ofrecer\u00e1 una caminata guiada desde el Centro de Visitantes. La Estancia El Dorado, ubicada en Carlos de Linneo y Tales de Mileto, abrir\u00e1 de 9 a 18 horas. En el marco de Caminando en el DER, habr\u00e1 recorridos guiados con punto de encuentro en Benito Ju\u00e1rez y Juan B. Bustos: Aves del Humedal, a las 14 horas; Aromas del Pastizal, a las 16 horas; y Atardecer en el Paseo Costero, a las 17 horas.<\/p>\n<p>El domingo 6, la Reserva Municipal Los Robles abrir\u00e1 de 8 a 18 horas. A las 11 horas ofrecer\u00e1 Yoga y Naturaleza, una actividad gratuita. De 11 a 17 horas continuar\u00e1 el Quinto Encuentro de Orquestas de M\u00fasica Popular y Luther\u00eda y, a las 16 horas, habr\u00e1 una caminata guiada desde el Centro de Visitantes. La Estancia El Dorado abrir\u00e1 de 9 a 18 horas. En Plaza Favaloro, ubicada en Benito Ju\u00e1rez y Juan B. Bustos, de 13 a 18 horas funcionar\u00e1 el patio gastron\u00f3mico y la feria artesanal. A su vez, los guardaparques ofrecer\u00e1n las caminatas guiadas de Caminando en el DER desde Benito Ju\u00e1rez y Juan B. Bustos con las opciones Aves del Humedal, a las 14 horas; Aromas del Pastizal, a las 16 horas; y Atardecer en el Paseo Costero, a las 17 horas.<\/p>\n<p>Como todos los domingos, desde las 15 horas, se podr\u00e1 disfrutar de Folklore en la Plaza Buj\u00e1n (Ruta Provincial 7, Km. 35.5, Paso del Rey), una tradicional propuesta abierta a toda la comunidad para compartir m\u00fasica y danza folkl\u00f3rica.<\/p>\n<p>En la Reserva Municipal Los Robles tambi\u00e9n se podr\u00e1n alquilar las posadas del bosque. Las reservas estar\u00e1n disponibles por correo electr\u00f3nico a reservasparquesnaturales@moreno.gov.ar, v\u00eda WhatsApp al 11-2405-4639 o de manera presencial en la administraci\u00f3n.<\/p>\n<p>Para visitar la Reserva no se requerir\u00e1 inscripci\u00f3n previa y el ingreso ser\u00e1 por orden de llegada hasta completar la capacidad. Adem\u00e1s, se podr\u00e1 acceder en transporte p\u00fablico a trav\u00e9s de la l\u00ednea 26 de La Perlita. Los horarios de salida desde Moreno ser\u00e1n 7:35, 10:13, 12:35, 13:40, 14:40, 16:20 y 17:35 horas, mientras que los regresos desde Los Robles ser\u00e1n a las 8, 10:33, 13, 14:05, 15:05, 16:45 y 18 horas.<\/p>\n<\/div>\n<\/div>\n<\/div>\n<\/div>\n<\/div>","protected":false},"excerpt":{"rendered":"<p>Del 4 al 6 de septiembre, el Municipio de Moreno invita a disfrutar de actividades culturales, tur\u00edsticas y recreativas en distintos espacios del distrito. Las propuestas incluyen teatro, m\u00fasica, ferias y visitas guiadas, con entrada libre y gratuita. El Museo Florencio Molina Campos, ubicado en Molina Campos 364, renov\u00f3 sus horarios y abrir\u00e1 los s\u00e1bados,&#8230;<\/p>\n","protected":false},"author":4,"featured_media":14587,"comment_status":"closed","ping_status":"closed","sticky":false,"template":"","format":"standard","meta":{"_jetpack_memberships_contains_paid_content":false,"footnotes":"","jetpack_publicize_message":"","jetpack_publicize_feature_enabled":true,"jetpack_social_post_already_shared":true,"jetpack_social_options":{"image_generator_settings":{"template":"highway","default_image_id":0,"font":"","enabled":false},"version":2}},"categories":[7],"tags":[82,112,115,84,693],"class_list":["post-14585","post","type-post","status-publish","format-standard","has-post-thumbnail","hentry","category-moreno","tag-actividades","tag-agenda","tag-fin-de-semana","tag-moreno","tag-setiembre"],"jetpack_publicize_connections":[],"jetpack_featured_media_url":"http:\/\/www.eldiariopba.com\/noticias\/wp-content\/uploads\/2026\/09\/MORENO-FIN-SLIDE.jpg","jetpack_sharing_enabled":true,"_links":{"self":[{"href":"http:\/\/www.eldiariopba.com\/noticias\/wp-json\/wp\/v2\/posts\/14585","targetHints":{"allow":["GET"]}}],"collection":[{"href":"http:\/\/www.eldiariopba.com\/noticias\/wp-json\/wp\/v2\/posts"}],"about":[{"href":"http:\/\/www.eldiariopba.com\/noticias\/wp-json\/wp\/v2\/types\/post"}],"author":[{"embeddable":true,"href":"http:\/\/www.eldiariopba.com\/noticias\/wp-json\/wp\/v2\/users\/4"}],"replies":[{"embeddable":true,"href":"http:\/\/www.eldiariopba.com\/noticias\/wp-json\/wp\/v2\/comments?post=14585"}],"version-history":[{"count":1,"href":"http:\/\/www.eldiariopba.com\/noticias\/wp-json\/wp\/v2\/posts\/14585\/revisions"}],"predecessor-version":[{"id":14588,"href":"http:\/\/www.eldiariopba.com\/noticias\/wp-json\/wp\/v2\/posts\/14585\/revisions\/14588"}],"wp:featuredmedia":[{"embeddable":true,"href":"http:\/\/www.eldiariopba.com\/noticias\/wp-json\/wp\/v2\/media\/14587"}],"wp:attachment":[{"href":"http:\/\/www.eldiariopba.com\/noticias\/wp-json\/wp\/v2\/media?parent=14585"}],"wp:term":[{"taxonomy":"category","embeddable":true,"href":"http:\/\/www.eldiariopba.com\/noticias\/wp-json\/wp\/v2\/categories?post=14585"},{"taxonomy":"post_tag","embeddable":true,"href":"http:\/\/www.eldiariopba.com\/noticias\/wp-json\/wp\/v2\/tags?post=14585"}],"curies":[{"name":"wp","href":"https:\/\/api.w.org\/{rel}","templated":true}]}}