{"id":14577,"date":"2026-09-04T11:58:14","date_gmt":"2026-09-04T14:58:14","guid":{"rendered":"https:\/\/www.eldiariopba.com\/noticias\/?p=14577"},"modified":"2026-09-04T12:01:00","modified_gmt":"2026-09-04T15:01:00","slug":"moron-lanza-el-programa-de-orientacion-legal-municipal","status":"publish","type":"post","link":"http:\/\/www.eldiariopba.com\/noticias\/moron\/moron-lanza-el-programa-de-orientacion-legal-municipal\/","title":{"rendered":"Mor\u00f3n lanza el Programa de Orientaci\u00f3n Legal Municipal"},"content":{"rendered":"\n<p class=\"wp-block-paragraph\">Este viernes 4 de septiembre se realizar\u00e1 la primera jornada del Programa de Orientaci\u00f3n Legal Municipal en la UGC 5 de Castelar sur. El espacio ser\u00e1 abierto, gratuito y confidencial, con asesoramiento en distintas \u00e1reas jur\u00eddicas y sociales.<\/p>\n\n\n<div class=\"elementor elementor-33849\" data-elementor-type=\"wp-post\" data-elementor-id=\"33849\" data-elementor-post-type=\"post\">\n<div class=\"elementor-element elementor-element-32e53b9 e-flex e-con-boxed e-con e-parent\" data-id=\"32e53b9\" data-element_type=\"container\">\n<div class=\"e-con-inner\">\n<div class=\"elementor-element elementor-element-b2957ee elementor-widget elementor-widget-text-editor\" data-id=\"b2957ee\" data-element_type=\"widget\" data-widget_type=\"text-editor.default\">\n<div class=\"elementor-widget-container\">\n<p>El Municipio de Mor\u00f3n pondr\u00e1 en marcha este viernes la primera jornada del <strong>Programa de Orientaci\u00f3n Legal Municipal (OLM)<\/strong>, un espacio de acceso gratuito y confidencial destinado a brindar informaci\u00f3n, herramientas legales y acompa\u00f1amiento a vecinos y vecinas del distrito.<\/p>\n<p>La convocatoria se realizar\u00e1 el <strong>4 de septiembre, de 11 a 14 horas<\/strong>, en la <strong>UGC 5 (Williams Morris 3520, Castelar sur)<\/strong>. La atenci\u00f3n ser\u00e1 por orden de llegada y se recomienda concurrir con DNI y documentaci\u00f3n vinculada a la consulta.<\/p>\n<p><img loading=\"lazy\" decoding=\"async\" class=\"wp-image-14579 size-full alignright\" src=\"http:\/\/www.eldiariopba.com\/noticias\/wp-content\/uploads\/2026\/09\/MORON-2.jpg\" alt=\"\" width=\"400\" height=\"309\" srcset=\"http:\/\/www.eldiariopba.com\/noticias\/wp-content\/uploads\/2026\/09\/MORON-2.jpg 400w, http:\/\/www.eldiariopba.com\/noticias\/wp-content\/uploads\/2026\/09\/MORON-2-300x232.jpg 300w\" sizes=\"auto, (max-width: 400px) 100vw, 400px\" \/><\/p>\n<p><a href=\"http:\/\/www.eldiariopba.com\/noticias\/wp-content\/uploads\/2026\/09\/MORON-1.jpg\"><img loading=\"lazy\" decoding=\"async\" class=\"wp-image-14578 size-full alignright\" src=\"http:\/\/www.eldiariopba.com\/noticias\/wp-content\/uploads\/2026\/09\/MORON-1.jpg\" alt=\"\" width=\"400\" height=\"351\" srcset=\"http:\/\/www.eldiariopba.com\/noticias\/wp-content\/uploads\/2026\/09\/MORON-1.jpg 400w, http:\/\/www.eldiariopba.com\/noticias\/wp-content\/uploads\/2026\/09\/MORON-1-300x263.jpg 300w\" sizes=\"auto, (max-width: 400px) 100vw, 400px\" \/><\/a><\/p>\n<p>El operativo contar\u00e1 con la participaci\u00f3n de distintas \u00e1reas municipales para dar una respuesta integral:<\/p>\n<ul role=\"list\">\n<li>\n<p><strong><span tabindex=\"0\" role=\"button\" data-url=\"ca:\/\/s?q=Consultas_de_Habitat_y_Vivienda_en_Moron\">H\u00e1bitat y Vivienda<\/span><\/strong>: escrituraci\u00f3n, regularizaci\u00f3n dominial y protecci\u00f3n de la vivienda.<\/p>\n<\/li>\n<li>\n<p><strong><span tabindex=\"0\" role=\"button\" data-url=\"ca:\/\/s?q=Servicios_para_Adultos_Mayores_en_Moron\">Adultos Mayores<\/span><\/strong>, <strong>Salud<\/strong>, <strong>G\u00e9nero y Diversidad<\/strong>, y <strong>Ni\u00f1ez y Juventud<\/strong>: asesoramiento en problem\u00e1ticas espec\u00edficas.<\/p>\n<\/li>\n<li>\n<p><strong><span tabindex=\"0\" role=\"button\" data-url=\"ca:\/\/s?q=Defensa_del_Consumidor_en_Moron\">Defensa del Consumidor<\/span><\/strong>: recepci\u00f3n de reclamos.<\/p>\n<\/li>\n<li>\n<p><strong><span tabindex=\"0\" role=\"button\" data-url=\"ca:\/\/s?q=Servicios_de_Inclusion_en_Moron\">Inclusi\u00f3n<\/span><\/strong>: gesti\u00f3n del Certificado \u00danico de Discapacidad (CUD), pase libre de transporte y pensiones no contributivas.<\/p>\n<\/li>\n<li>\n<p><strong><span tabindex=\"0\" role=\"button\" data-url=\"ca:\/\/s?q=Servicios_de_Educacion_en_Moron\">Educaci\u00f3n<\/span><\/strong> y <strong>Resoluci\u00f3n de Conflictos<\/strong>: acompa\u00f1amiento en situaciones escolares y comunitarias.<a href=\"http:\/\/www.eldiariopba.com\/noticias\/wp-content\/uploads\/2026\/09\/MORON-2.jpg\"><br \/><br \/><\/a>Con esta iniciativa, el Municipio busca <strong>acercar las herramientas del Estado local a los barrios<\/strong>, facilitando el acceso a derechos y servicios de manera directa, simple y sin intermediarios.<\/p>\n<\/li>\n<\/ul>\n<\/div>\n<\/div>\n<\/div>\n<\/div>\n<\/div>","protected":false},"excerpt":{"rendered":"<p>Este viernes 4 de septiembre se realizar\u00e1 la primera jornada del Programa de Orientaci\u00f3n Legal Municipal en la UGC 5 de Castelar sur. El espacio ser\u00e1 abierto, gratuito y confidencial, con asesoramiento en distintas \u00e1reas jur\u00eddicas y sociales. El Municipio de Mor\u00f3n pondr\u00e1 en marcha este viernes la primera jornada del Programa de Orientaci\u00f3n Legal&#8230;<\/p>\n","protected":false},"author":4,"featured_media":14580,"comment_status":"closed","ping_status":"closed","sticky":false,"template":"","format":"standard","meta":{"_jetpack_memberships_contains_paid_content":false,"footnotes":"","jetpack_publicize_message":"","jetpack_publicize_feature_enabled":true,"jetpack_social_post_already_shared":true,"jetpack_social_options":{"image_generator_settings":{"template":"highway","default_image_id":0,"font":"","enabled":false},"version":2}},"categories":[1],"tags":[128,343,39,1602,120,1603],"class_list":["post-14577","post","type-post","status-publish","format-standard","has-post-thumbnail","hentry","category-moron","tag-capacitacion","tag-castelar","tag-moron","tag-orientacion-legal-municipal","tag-programa","tag-ugc5"],"jetpack_publicize_connections":[],"jetpack_featured_media_url":"http:\/\/www.eldiariopba.com\/noticias\/wp-content\/uploads\/2026\/09\/MORON-SLIDE.jpg","jetpack_sharing_enabled":true,"_links":{"self":[{"href":"http:\/\/www.eldiariopba.com\/noticias\/wp-json\/wp\/v2\/posts\/14577","targetHints":{"allow":["GET"]}}],"collection":[{"href":"http:\/\/www.eldiariopba.com\/noticias\/wp-json\/wp\/v2\/posts"}],"about":[{"href":"http:\/\/www.eldiariopba.com\/noticias\/wp-json\/wp\/v2\/types\/post"}],"author":[{"embeddable":true,"href":"http:\/\/www.eldiariopba.com\/noticias\/wp-json\/wp\/v2\/users\/4"}],"replies":[{"embeddable":true,"href":"http:\/\/www.eldiariopba.com\/noticias\/wp-json\/wp\/v2\/comments?post=14577"}],"version-history":[{"count":3,"href":"http:\/\/www.eldiariopba.com\/noticias\/wp-json\/wp\/v2\/posts\/14577\/revisions"}],"predecessor-version":[{"id":14584,"href":"http:\/\/www.eldiariopba.com\/noticias\/wp-json\/wp\/v2\/posts\/14577\/revisions\/14584"}],"wp:featuredmedia":[{"embeddable":true,"href":"http:\/\/www.eldiariopba.com\/noticias\/wp-json\/wp\/v2\/media\/14580"}],"wp:attachment":[{"href":"http:\/\/www.eldiariopba.com\/noticias\/wp-json\/wp\/v2\/media?parent=14577"}],"wp:term":[{"taxonomy":"category","embeddable":true,"href":"http:\/\/www.eldiariopba.com\/noticias\/wp-json\/wp\/v2\/categories?post=14577"},{"taxonomy":"post_tag","embeddable":true,"href":"http:\/\/www.eldiariopba.com\/noticias\/wp-json\/wp\/v2\/tags?post=14577"}],"curies":[{"name":"wp","href":"https:\/\/api.w.org\/{rel}","templated":true}]}}