{"id":14565,"date":"2026-09-04T11:48:30","date_gmt":"2026-09-04T14:48:30","guid":{"rendered":"https:\/\/www.eldiariopba.com\/noticias\/?p=14565"},"modified":"2026-09-04T11:48:32","modified_gmt":"2026-09-04T14:48:32","slug":"ituzaingo-capacito-a-emprendedores-sobre-microcreditos","status":"publish","type":"post","link":"http:\/\/www.eldiariopba.com\/noticias\/ituzaingo\/ituzaingo-capacito-a-emprendedores-sobre-microcreditos\/","title":{"rendered":"Ituzaing\u00f3 capacit\u00f3 a emprendedores sobre microcr\u00e9ditos"},"content":{"rendered":"\n<p class=\"wp-block-paragraph\">El Municipio en articulaci\u00f3n con el Banco Provincia, realiz\u00f3 una capacitaci\u00f3n sobre \u201cProvincia Microcr\u00e9ditos\u201d destinada a emprendedores, productores y comerciantes locales, con el objetivo de fortalecer sus proyectos y potenciar sus negocios.<\/p>\n\n\n<div class=\"elementor elementor-33849\" data-elementor-type=\"wp-post\" data-elementor-id=\"33849\" data-elementor-post-type=\"post\">\n<div class=\"elementor-element elementor-element-32e53b9 e-flex e-con-boxed e-con e-parent\" data-id=\"32e53b9\" data-element_type=\"container\">\n<div class=\"e-con-inner\">\n<div class=\"elementor-element elementor-element-b2957ee elementor-widget elementor-widget-text-editor\" data-id=\"b2957ee\" data-element_type=\"widget\" data-widget_type=\"text-editor.default\">\n<div class=\"elementor-widget-container\">\n<p>El Municipio de Ituzaing\u00f3 llev\u00f3 adelante una jornada de capacitaci\u00f3n sobre <strong>\u201cProvincia Microcr\u00e9ditos\u201d<\/strong>, en conjunto con el <strong>Banco Provincia<\/strong>, dirigida a emprendedores, productores y comerciantes que buscan crecer y consolidar sus actividades. El encuentro se realiz\u00f3 el jueves 3 de septiembre en el <strong>Auditorio N\u00e9stor Kirchner (Peatonal Eva Per\u00f3n 848)<\/strong>.<\/p>\n<p><a href=\"http:\/\/www.eldiariopba.com\/noticias\/wp-content\/uploads\/2026\/09\/Provincia-Microcreditos-slide.jpg\"><img loading=\"lazy\" decoding=\"async\" class=\"wp-image-14568  alignright\" src=\"http:\/\/www.eldiariopba.com\/noticias\/wp-content\/uploads\/2026\/09\/Provincia-Microcreditos-slide.jpg\" alt=\"\" width=\"466\" height=\"216\" \/><\/a><\/p>\n<p>La propuesta tuvo como objetivo brindar <strong>herramientas de educaci\u00f3n financiera<\/strong> y acompa\u00f1ar a los trabajadores productivos en el fortalecimiento de sus proyectos. El programa \u201cProvincia Microcr\u00e9ditos\u201d ofrece financiamiento para incrementar capital de trabajo, refaccionar espacios o adquirir nuevas maquinarias.<\/p>\n<p>La secretaria de Desarrollo Productivo del municipio, <strong>Natalia Lazzeri<\/strong>, destac\u00f3: <em>\u201cEs fundamental brindar herramientas a microemprendedores, comercios, industrias y PyMEs de Ituzaing\u00f3 que les permitan potenciar sus negocios y sostener sus actividades\u201d<\/em>.<\/p>\n<p>En el mismo sentido, un emprendedor local valor\u00f3 la iniciativa: <em>\u201cEn este contexto complejo para la producci\u00f3n nacional, es muy importante el apoyo del municipio con informaci\u00f3n y capacitaciones sobre asistencia\u201d<\/em>.<\/p>\n<p>Las personas interesadas en obtener m\u00e1s informaci\u00f3n pueden acercarse personalmente a la <strong>Secretar\u00eda de Desarrollo Productivo (Fragio 183)<\/strong> o comunicarse al <span tabindex=\"0\" role=\"button\" data-url=\"tel:21201965\" aria-label=\"2120-1965, esto le llevar\u00e1 a \">2120-1965<\/span>, de lunes a viernes de 8 a 15 horas.<\/p>\n<p>Con esta capacitaci\u00f3n, el Municipio reafirma su compromiso con el <strong>desarrollo econ\u00f3mico local<\/strong>, acompa\u00f1ando a emprendedores y productores en la b\u00fasqueda de nuevas oportunidades de crecimiento.<\/p>\n<\/div>\n<\/div>\n<\/div>\n<\/div>\n<\/div>","protected":false},"excerpt":{"rendered":"<p>El Municipio en articulaci\u00f3n con el Banco Provincia, realiz\u00f3 una capacitaci\u00f3n sobre \u201cProvincia Microcr\u00e9ditos\u201d destinada a emprendedores, productores y comerciantes locales, con el objetivo de fortalecer sus proyectos y potenciar sus negocios. El Municipio de Ituzaing\u00f3 llev\u00f3 adelante una jornada de capacitaci\u00f3n sobre \u201cProvincia Microcr\u00e9ditos\u201d, en conjunto con el Banco Provincia, dirigida a emprendedores, productores&#8230;<\/p>\n","protected":false},"author":4,"featured_media":14568,"comment_status":"closed","ping_status":"closed","sticky":false,"template":"","format":"standard","meta":{"_jetpack_memberships_contains_paid_content":false,"footnotes":"","jetpack_publicize_message":"","jetpack_publicize_feature_enabled":true,"jetpack_social_post_already_shared":true,"jetpack_social_options":{"image_generator_settings":{"template":"highway","default_image_id":0,"font":"","enabled":false},"version":2}},"categories":[4],"tags":[1596,1597,673,90,1595],"class_list":["post-14565","post","type-post","status-publish","format-standard","has-post-thumbnail","hentry","category-ituzaingo","tag-banco-provincia","tag-capacitaccion","tag-emprendedores","tag-ituzaingo","tag-microcreditos"],"jetpack_publicize_connections":[],"jetpack_featured_media_url":"http:\/\/www.eldiariopba.com\/noticias\/wp-content\/uploads\/2026\/09\/Provincia-Microcreditos-slide.jpg","jetpack_sharing_enabled":true,"_links":{"self":[{"href":"http:\/\/www.eldiariopba.com\/noticias\/wp-json\/wp\/v2\/posts\/14565","targetHints":{"allow":["GET"]}}],"collection":[{"href":"http:\/\/www.eldiariopba.com\/noticias\/wp-json\/wp\/v2\/posts"}],"about":[{"href":"http:\/\/www.eldiariopba.com\/noticias\/wp-json\/wp\/v2\/types\/post"}],"author":[{"embeddable":true,"href":"http:\/\/www.eldiariopba.com\/noticias\/wp-json\/wp\/v2\/users\/4"}],"replies":[{"embeddable":true,"href":"http:\/\/www.eldiariopba.com\/noticias\/wp-json\/wp\/v2\/comments?post=14565"}],"version-history":[{"count":2,"href":"http:\/\/www.eldiariopba.com\/noticias\/wp-json\/wp\/v2\/posts\/14565\/revisions"}],"predecessor-version":[{"id":14569,"href":"http:\/\/www.eldiariopba.com\/noticias\/wp-json\/wp\/v2\/posts\/14565\/revisions\/14569"}],"wp:featuredmedia":[{"embeddable":true,"href":"http:\/\/www.eldiariopba.com\/noticias\/wp-json\/wp\/v2\/media\/14568"}],"wp:attachment":[{"href":"http:\/\/www.eldiariopba.com\/noticias\/wp-json\/wp\/v2\/media?parent=14565"}],"wp:term":[{"taxonomy":"category","embeddable":true,"href":"http:\/\/www.eldiariopba.com\/noticias\/wp-json\/wp\/v2\/categories?post=14565"},{"taxonomy":"post_tag","embeddable":true,"href":"http:\/\/www.eldiariopba.com\/noticias\/wp-json\/wp\/v2\/tags?post=14565"}],"curies":[{"name":"wp","href":"https:\/\/api.w.org\/{rel}","templated":true}]}}