{"id":14561,"date":"2026-09-02T13:36:05","date_gmt":"2026-09-02T16:36:05","guid":{"rendered":"https:\/\/www.eldiariopba.com\/noticias\/?p=14561"},"modified":"2026-09-02T13:36:07","modified_gmt":"2026-09-02T16:36:07","slug":"merlo-celebra-la-8va-edicion-de-la-expo-industrial","status":"publish","type":"post","link":"http:\/\/www.eldiariopba.com\/noticias\/merlo\/merlo-celebra-la-8va-edicion-de-la-expo-industrial\/","title":{"rendered":"Merlo celebra la 8va edici\u00f3n de la Expo Industrial"},"content":{"rendered":"\n<p class=\"wp-block-paragraph\">La Expo <em><strong>Hecho en Merlo 2026<\/strong><\/em> contin\u00faa en el Predio El Remanso con entrada libre y gratuita, reuniendo a m\u00e1s de 100 empresas, comercios, emprendedores y escuelas t\u00e9cnicas, adem\u00e1s de charlas y conferencias de referentes pol\u00edticos y econ\u00f3micos.<\/p>\n\n\n\n<p class=\"wp-block-paragraph\">Nota<\/p>\n\n\n<div class=\"elementor elementor-33849\" data-elementor-type=\"wp-post\" data-elementor-id=\"33849\" data-elementor-post-type=\"post\">\n<div class=\"elementor-element elementor-element-32e53b9 e-flex e-con-boxed e-con e-parent\" data-id=\"32e53b9\" data-element_type=\"container\">\n<div class=\"e-con-inner\">\n<div class=\"elementor-element elementor-element-b2957ee elementor-widget elementor-widget-text-editor\" data-id=\"b2957ee\" data-element_type=\"widget\" data-widget_type=\"text-editor.default\">\n<div class=\"elementor-widget-container\">\n<p>El Municipio de Merlo lleva adelante la <strong>8va edici\u00f3n de la Expo Industrial Hecho en Merlo<\/strong>, un evento que se desarrolla en el <strong>Predio El Remanso (Balbastro 2201, Parque San Mart\u00edn)<\/strong> y que re\u00fane a m\u00e1s de <strong>100 empresas, comercios, emprendedores y escuelas t\u00e9cnicas<\/strong> para mostrar la capacidad productiva local y el desarrollo tecnol\u00f3gico de la comunidad.<\/p>\n<p>El intendente <strong>Gustavo Men\u00e9ndez<\/strong> recibi\u00f3 al jefe comunal de Castelli, <strong>Francisco Echarren<\/strong>, y al diputado nacional <strong>Miguel \u00c1ngel Pichetto<\/strong>, quienes participaron en la <strong>Sala de Conferencias<\/strong> con exposiciones sobre la situaci\u00f3n econ\u00f3mica y el futuro de la industria argentina.<\/p>\n<p>Men\u00e9ndez destac\u00f3: <em>\u201cEsta Expo es un s\u00edmbolo de resistencia en la Argentina de hoy, donde adem\u00e1s de los stands de nuestros industriales, pueden conocer todo lo que realizan nuestras escuelas t\u00e9cnicas en materia de investigaci\u00f3n cient\u00edfica y tecnol\u00f3gica\u201d<\/em>.<\/p>\n<p><a href=\"http:\/\/www.eldiariopba.com\/noticias\/wp-content\/uploads\/2026\/09\/merlo-400.jpg\"><img loading=\"lazy\" decoding=\"async\" class=\"wp-image-14562 size-full alignright\" src=\"http:\/\/www.eldiariopba.com\/noticias\/wp-content\/uploads\/2026\/09\/merlo-400.jpg\" alt=\"\" width=\"400\" height=\"225\" srcset=\"http:\/\/www.eldiariopba.com\/noticias\/wp-content\/uploads\/2026\/09\/merlo-400.jpg 400w, http:\/\/www.eldiariopba.com\/noticias\/wp-content\/uploads\/2026\/09\/merlo-400-300x169.jpg 300w\" sizes=\"auto, (max-width: 400px) 100vw, 400px\" \/><\/a><\/p>\n<p>En su conferencia, Echarren subray\u00f3 la importancia del trabajo como ordenador social y la necesidad de recuperar un modelo industrial basado en valores nacionales. Por su parte, Pichetto advirti\u00f3 sobre las dificultades que atraviesan las industrias por la apertura indiscriminada de importaciones y llam\u00f3 a construir una propuesta productiva para el pa\u00eds.<\/p>\n<p>La Expo se extender\u00e1 hasta el <strong>2 de septiembre, de 12 a 20 horas<\/strong>, con entrada libre y gratuita. El evento es organizado por la <strong>Secretar\u00eda de Desarrollo Econ\u00f3mico Sustentable<\/strong> con el apoyo de la <strong>Uni\u00f3n Industrial de Merlo<\/strong>, consolidando un espacio de encuentro entre la comunidad, los sectores productivos y las instituciones educativas.<\/p>\n<p>Con esta iniciativa, el Municipio reafirma su compromiso con el <strong>desarrollo econ\u00f3mico local, la innovaci\u00f3n tecnol\u00f3gica y el fortalecimiento de la industria<\/strong>, generando oportunidades de crecimiento y participaci\u00f3n para toda la comunidad.<\/p>\n<\/div>\n<\/div>\n<\/div>\n<\/div>\n<\/div>","protected":false},"excerpt":{"rendered":"<p>La Expo Hecho en Merlo 2026 contin\u00faa en el Predio El Remanso con entrada libre y gratuita, reuniendo a m\u00e1s de 100 empresas, comercios, emprendedores y escuelas t\u00e9cnicas, adem\u00e1s de charlas y conferencias de referentes pol\u00edticos y econ\u00f3micos. Nota El Municipio de Merlo lleva adelante la 8va edici\u00f3n de la Expo Industrial Hecho en Merlo,&#8230;<\/p>\n","protected":false},"author":4,"featured_media":14563,"comment_status":"closed","ping_status":"closed","sticky":false,"template":"","format":"standard","meta":{"_jetpack_memberships_contains_paid_content":false,"footnotes":"","jetpack_publicize_message":"","jetpack_publicize_feature_enabled":true,"jetpack_social_post_already_shared":true,"jetpack_social_options":{"image_generator_settings":{"template":"highway","default_image_id":0,"font":"","enabled":false},"version":2}},"categories":[6],"tags":[1592,1593,1594,72],"class_list":["post-14561","post","type-post","status-publish","format-standard","has-post-thumbnail","hentry","category-merlo","tag-8va-edicion","tag-expo-industrial","tag-hecho-en-merlo-2026","tag-merlo"],"jetpack_publicize_connections":[],"jetpack_featured_media_url":"http:\/\/www.eldiariopba.com\/noticias\/wp-content\/uploads\/2026\/09\/merlo-mdn.jpg","jetpack_sharing_enabled":true,"_links":{"self":[{"href":"http:\/\/www.eldiariopba.com\/noticias\/wp-json\/wp\/v2\/posts\/14561","targetHints":{"allow":["GET"]}}],"collection":[{"href":"http:\/\/www.eldiariopba.com\/noticias\/wp-json\/wp\/v2\/posts"}],"about":[{"href":"http:\/\/www.eldiariopba.com\/noticias\/wp-json\/wp\/v2\/types\/post"}],"author":[{"embeddable":true,"href":"http:\/\/www.eldiariopba.com\/noticias\/wp-json\/wp\/v2\/users\/4"}],"replies":[{"embeddable":true,"href":"http:\/\/www.eldiariopba.com\/noticias\/wp-json\/wp\/v2\/comments?post=14561"}],"version-history":[{"count":1,"href":"http:\/\/www.eldiariopba.com\/noticias\/wp-json\/wp\/v2\/posts\/14561\/revisions"}],"predecessor-version":[{"id":14564,"href":"http:\/\/www.eldiariopba.com\/noticias\/wp-json\/wp\/v2\/posts\/14561\/revisions\/14564"}],"wp:featuredmedia":[{"embeddable":true,"href":"http:\/\/www.eldiariopba.com\/noticias\/wp-json\/wp\/v2\/media\/14563"}],"wp:attachment":[{"href":"http:\/\/www.eldiariopba.com\/noticias\/wp-json\/wp\/v2\/media?parent=14561"}],"wp:term":[{"taxonomy":"category","embeddable":true,"href":"http:\/\/www.eldiariopba.com\/noticias\/wp-json\/wp\/v2\/categories?post=14561"},{"taxonomy":"post_tag","embeddable":true,"href":"http:\/\/www.eldiariopba.com\/noticias\/wp-json\/wp\/v2\/tags?post=14561"}],"curies":[{"name":"wp","href":"https:\/\/api.w.org\/{rel}","templated":true}]}}