{"id":14558,"date":"2026-09-02T13:29:52","date_gmt":"2026-09-02T16:29:52","guid":{"rendered":"https:\/\/www.eldiariopba.com\/noticias\/?p=14558"},"modified":"2026-09-02T13:29:55","modified_gmt":"2026-09-02T16:29:55","slug":"septiembre-cultural-en-el-teatro-marechal-de-moreno","status":"publish","type":"post","link":"http:\/\/www.eldiariopba.com\/noticias\/moreno\/septiembre-cultural-en-el-teatro-marechal-de-moreno\/","title":{"rendered":"Septiembre cultural en el Teatro Marechal de Moreno"},"content":{"rendered":"\n<p class=\"wp-block-paragraph\">El Municipio de Moreno dio a conocer la programaci\u00f3n de septiembre del Teatro Municipal Leopoldo Marechal, con propuestas gratuitas de teatro, m\u00fasica, danza, cine, festivales y espacios de formaci\u00f3n. Las entradas se retiran una hora antes de cada funci\u00f3n en Asconap\u00e9 85, Moreno Centro.<\/p>\n\n\n<div class=\"elementor elementor-33849\" data-elementor-type=\"wp-post\" data-elementor-id=\"33849\" data-elementor-post-type=\"post\">\n<div class=\"elementor-element elementor-element-32e53b9 e-flex e-con-boxed e-con e-parent\" data-id=\"32e53b9\" data-element_type=\"container\">\n<div class=\"e-con-inner\">\n<div class=\"elementor-element elementor-element-b2957ee elementor-widget elementor-widget-text-editor\" data-id=\"b2957ee\" data-element_type=\"widget\" data-widget_type=\"text-editor.default\">\n<div class=\"elementor-widget-container\">\n<p>El Teatro Municipal <strong>Leopoldo Marechal<\/strong> ser\u00e1 nuevamente epicentro de la cultura local con una variada programaci\u00f3n durante el mes de septiembre. La agenda incluye teatro, m\u00fasica, danza, festivales, cine y espacios de formaci\u00f3n, todos con <strong>entrada libre y gratuita<\/strong>, que se retira una hora antes de cada funci\u00f3n en la sede de <strong>Asconap\u00e9 85, Moreno Centro<\/strong>.<\/p>\n<p><a href=\"http:\/\/www.eldiariopba.com\/noticias\/wp-content\/uploads\/2026\/09\/teatro-slide.jpg\"><img loading=\"lazy\" decoding=\"async\" class=\"wp-image-14559  alignright\" src=\"http:\/\/www.eldiariopba.com\/noticias\/wp-content\/uploads\/2026\/09\/teatro-slide.jpg\" alt=\"\" width=\"454\" height=\"211\" \/><\/a><\/p>\n<p>El ciclo comenzar\u00e1 el <strong>jueves 3<\/strong> con el <strong>FESTIM 2026<\/strong>, Festival de Teatro Independiente que busca fortalecer la red de espacios culturales locales. El <strong>viernes 4<\/strong> se presentar\u00e1 la obra <em>\u201cLa vida es un loop\u201d<\/em> de Dar\u00edo Scarnatto, mientras que el <strong>s\u00e1bado 5<\/strong> llegar\u00e1 la propuesta <em>\u201cWANG + Terminator 2\u201d<\/em>, que combina m\u00fasica en vivo con cine cl\u00e1sico.<\/p>\n<p>La programaci\u00f3n continuar\u00e1 con <em>\u201cTotal Anormalidad\u201d<\/em> el <strong>viernes 11<\/strong>, el homenaje <em>\u201cLas Damas del Tango. El regreso\u201d<\/em> el <strong>s\u00e1bado 12<\/strong>, y la propuesta de danza <em>\u201cHerida, lo que la ra\u00edz no dice, pero lo baila\u201d<\/em> el <strong>viernes 18<\/strong>.<\/p>\n<p>El <strong>s\u00e1bado 19<\/strong> se presentar\u00e1 el sexto episodio de la saga clown western <em>\u201cOtra de Tiros\u201d<\/em>, y el <strong>domingo 20<\/strong> se realizar\u00e1 la <strong>Jornada CPTI<\/strong>, impulsada por el Consejo Provincial de Teatro Independiente.<\/p>\n<p>El <strong>viernes 25<\/strong> ser\u00e1 el turno del prestigioso <strong>Festival Guitarras del Mundo<\/strong>, con la participaci\u00f3n de destacados conjuntos e instrumentistas. Finalmente, el <strong>domingo 27<\/strong> se llevar\u00e1 a cabo el <em>\u201cPre-Encuentro de las Provincias\u201d<\/em>, certamen folkl\u00f3rico que seleccionar\u00e1 propuestas para la Fiesta Provincial <em>Encuentro de las Provincias y sus Culturas<\/em>.<\/p>\n<p>Con esta programaci\u00f3n, el Gobierno local reafirma su compromiso con el <strong>acceso gratuito a la cultura<\/strong>, fortaleciendo la participaci\u00f3n comunitaria y acompa\u00f1ando el desarrollo de la producci\u00f3n art\u00edstica local.<\/p>\n<\/div>\n<\/div>\n<\/div>\n<\/div>\n<\/div>","protected":false},"excerpt":{"rendered":"<p>El Municipio de Moreno dio a conocer la programaci\u00f3n de septiembre del Teatro Municipal Leopoldo Marechal, con propuestas gratuitas de teatro, m\u00fasica, danza, cine, festivales y espacios de formaci\u00f3n. Las entradas se retiran una hora antes de cada funci\u00f3n en Asconap\u00e9 85, Moreno Centro. El Teatro Municipal Leopoldo Marechal ser\u00e1 nuevamente epicentro de la cultura&#8230;<\/p>\n","protected":false},"author":4,"featured_media":14559,"comment_status":"closed","ping_status":"closed","sticky":false,"template":"","format":"standard","meta":{"_jetpack_memberships_contains_paid_content":false,"footnotes":"","jetpack_publicize_message":"","jetpack_publicize_feature_enabled":true,"jetpack_social_post_already_shared":true,"jetpack_social_options":{"image_generator_settings":{"template":"highway","default_image_id":0,"font":"","enabled":false},"version":2}},"categories":[7],"tags":[1591,84,693,338],"class_list":["post-14558","post","type-post","status-publish","format-standard","has-post-thumbnail","hentry","category-moreno","tag-marechal","tag-moreno","tag-setiembre","tag-teatro"],"jetpack_publicize_connections":[],"jetpack_featured_media_url":"http:\/\/www.eldiariopba.com\/noticias\/wp-content\/uploads\/2026\/09\/teatro-slide.jpg","jetpack_sharing_enabled":true,"_links":{"self":[{"href":"http:\/\/www.eldiariopba.com\/noticias\/wp-json\/wp\/v2\/posts\/14558","targetHints":{"allow":["GET"]}}],"collection":[{"href":"http:\/\/www.eldiariopba.com\/noticias\/wp-json\/wp\/v2\/posts"}],"about":[{"href":"http:\/\/www.eldiariopba.com\/noticias\/wp-json\/wp\/v2\/types\/post"}],"author":[{"embeddable":true,"href":"http:\/\/www.eldiariopba.com\/noticias\/wp-json\/wp\/v2\/users\/4"}],"replies":[{"embeddable":true,"href":"http:\/\/www.eldiariopba.com\/noticias\/wp-json\/wp\/v2\/comments?post=14558"}],"version-history":[{"count":1,"href":"http:\/\/www.eldiariopba.com\/noticias\/wp-json\/wp\/v2\/posts\/14558\/revisions"}],"predecessor-version":[{"id":14560,"href":"http:\/\/www.eldiariopba.com\/noticias\/wp-json\/wp\/v2\/posts\/14558\/revisions\/14560"}],"wp:featuredmedia":[{"embeddable":true,"href":"http:\/\/www.eldiariopba.com\/noticias\/wp-json\/wp\/v2\/media\/14559"}],"wp:attachment":[{"href":"http:\/\/www.eldiariopba.com\/noticias\/wp-json\/wp\/v2\/media?parent=14558"}],"wp:term":[{"taxonomy":"category","embeddable":true,"href":"http:\/\/www.eldiariopba.com\/noticias\/wp-json\/wp\/v2\/categories?post=14558"},{"taxonomy":"post_tag","embeddable":true,"href":"http:\/\/www.eldiariopba.com\/noticias\/wp-json\/wp\/v2\/tags?post=14558"}],"curies":[{"name":"wp","href":"https:\/\/api.w.org\/{rel}","templated":true}]}}