{"id":14553,"date":"2026-09-02T11:00:03","date_gmt":"2026-09-02T14:00:03","guid":{"rendered":"https:\/\/www.eldiariopba.com\/noticias\/?p=14553"},"modified":"2026-09-02T11:00:06","modified_gmt":"2026-09-02T14:00:06","slug":"la-matanza-consolida-su-modelo-educativo-integral","status":"publish","type":"post","link":"http:\/\/www.eldiariopba.com\/noticias\/la-matanza\/la-matanza-consolida-su-modelo-educativo-integral\/","title":{"rendered":"La Matanza consolida su modelo educativo integral"},"content":{"rendered":"\n<p class=\"wp-block-paragraph\">El Municipio de La Matanza impulsa un modelo educativo que acompa\u00f1a a estudiantes desde la primera infancia hasta la inserci\u00f3n laboral, con alfabetizaci\u00f3n digital temprana, entrega de materiales escolares, formaci\u00f3n universitaria y la creaci\u00f3n de un Polo Cient\u00edfico y Tecnol\u00f3gico.<\/p>\n\n\n<div class=\"elementor elementor-33849\" data-elementor-type=\"wp-post\" data-elementor-id=\"33849\" data-elementor-post-type=\"post\">\n<div class=\"elementor-element elementor-element-32e53b9 e-flex e-con-boxed e-con e-parent\" data-id=\"32e53b9\" data-element_type=\"container\">\n<div class=\"e-con-inner\">\n<div class=\"elementor-element elementor-element-b2957ee elementor-widget elementor-widget-text-editor\" data-id=\"b2957ee\" data-element_type=\"widget\" data-widget_type=\"text-editor.default\">\n<div class=\"elementor-widget-container\">\n<p>El sistema educativo de La Matanza se consolida como un <strong>modelo integral de formaci\u00f3n y desarrollo<\/strong>, reconocido por la UNESCO como <strong>Ciudad del Aprendizaje<\/strong>, al garantizar el acceso a la educaci\u00f3n p\u00fablica desde la primera infancia hasta la inserci\u00f3n laboral de j\u00f3venes y adultos.<\/p>\n<p><a href=\"http:\/\/www.eldiariopba.com\/noticias\/wp-content\/uploads\/2026\/09\/matanza-450.jpg\"><img loading=\"lazy\" decoding=\"async\" class=\"wp-image-14556 size-full alignright\" src=\"http:\/\/www.eldiariopba.com\/noticias\/wp-content\/uploads\/2026\/09\/matanza-450.jpg\" alt=\"\" width=\"450\" height=\"300\" srcset=\"http:\/\/www.eldiariopba.com\/noticias\/wp-content\/uploads\/2026\/09\/matanza-450.jpg 450w, http:\/\/www.eldiariopba.com\/noticias\/wp-content\/uploads\/2026\/09\/matanza-450-300x200.jpg 300w\" sizes=\"auto, (max-width: 450px) 100vw, 450px\" \/><\/a><\/p>\n<p>La pol\u00edtica municipal incluye la <strong>alfabetizaci\u00f3n digital temprana<\/strong> en jardines de infantes, con el uso de computadoras y tablets desde los 3 a\u00f1os, y se complementa con la entrega de <strong>m\u00e1s de 1 mill\u00f3n de libros y manuales<\/strong> y <strong>300 mil kits escolares<\/strong> cada ciclo lectivo, a trav\u00e9s del programa <em>A la Escuela, Mejor con Libros<\/em>.<\/p>\n<p>Las <strong>Becas Estudiar<\/strong> acompa\u00f1an la permanencia escolar de m\u00e1s de <strong>8 mil estudiantes en situaci\u00f3n de vulnerabilidad<\/strong>, mientras que el <strong>aprendizaje tecnol\u00f3gico<\/strong> se fortalece con <strong>250 mil laboratorios escolares<\/strong> y el <strong>Centro de Innovaci\u00f3n Tecnol\u00f3gica (CITLAM)<\/strong>, que ofrece cursos gratuitos de programaci\u00f3n web, impresi\u00f3n 3D y rob\u00f3tica.<\/p>\n<p><a href=\"http:\/\/www.eldiariopba.com\/noticias\/wp-content\/uploads\/2026\/07\/CUDI-MTZ-slide.jpg\"><img loading=\"lazy\" decoding=\"async\" class=\"wp-image-14091  alignright\" src=\"http:\/\/www.eldiariopba.com\/noticias\/wp-content\/uploads\/2026\/07\/CUDI-MTZ-slide.jpg\" alt=\"\" width=\"451\" height=\"241\" \/><\/a><\/p>\n<p>En el nivel superior, el <strong>Centro Universitario de la Innovaci\u00f3n (CUDI)<\/strong> y la <strong>Universidad Nacional de La Matanza (UNLaM)<\/strong>, junto a institutos terciarios y escuelas de oficios, albergan a m\u00e1s de <strong>95 mil estudiantes universitarios<\/strong>, consolidando al distrito como la <strong>Capital Universitaria del Gran Buenos Aires<\/strong>.<\/p>\n<p>La puesta en marcha del <strong>Polo Cient\u00edfico y Tecnol\u00f3gico (CyT)<\/strong> representa la coronaci\u00f3n del modelo matancero, dise\u00f1ado para transformar el conocimiento en empleo directo y desarrollo productivo. Seg\u00fan el intendente <strong>Fernando Espinoza<\/strong>, ser\u00e1 \u201cel primero de la Argentina y de Am\u00e9rica Latina\u201d, con espacios destinados tanto a grandes empresas como a j\u00f3venes emprendedores y startups.<\/p>\n<p>Con este c\u00edrculo virtuoso, La Matanza reafirma su compromiso con la <strong>educaci\u00f3n p\u00fablica, la innovaci\u00f3n tecnol\u00f3gica y la generaci\u00f3n de empleo<\/strong>, garantizando oportunidades de desarrollo integral para las juventudes del distrito.<\/p>\n<\/div>\n<\/div>\n<\/div>\n<\/div>\n<\/div>","protected":false},"excerpt":{"rendered":"<p>El Municipio de La Matanza impulsa un modelo educativo que acompa\u00f1a a estudiantes desde la primera infancia hasta la inserci\u00f3n laboral, con alfabetizaci\u00f3n digital temprana, entrega de materiales escolares, formaci\u00f3n universitaria y la creaci\u00f3n de un Polo Cient\u00edfico y Tecnol\u00f3gico. El sistema educativo de La Matanza se consolida como un modelo integral de formaci\u00f3n y&#8230;<\/p>\n","protected":false},"author":4,"featured_media":14555,"comment_status":"closed","ping_status":"closed","sticky":false,"template":"","format":"standard","meta":{"_jetpack_memberships_contains_paid_content":false,"footnotes":"","jetpack_publicize_message":"","jetpack_publicize_feature_enabled":true,"jetpack_social_post_already_shared":true,"jetpack_social_options":{"image_generator_settings":{"template":"highway","default_image_id":0,"font":"","enabled":false},"version":2}},"categories":[5],"tags":[181,1589,154,932,1590],"class_list":["post-14553","post","type-post","status-publish","format-standard","has-post-thumbnail","hentry","category-la-matanza","tag-cudi","tag-educacion-integral","tag-la-matanza","tag-primera-infancia","tag-unesco"],"jetpack_publicize_connections":[],"jetpack_featured_media_url":"http:\/\/www.eldiariopba.com\/noticias\/wp-content\/uploads\/2026\/09\/matanza-slide.jpg","jetpack_sharing_enabled":true,"_links":{"self":[{"href":"http:\/\/www.eldiariopba.com\/noticias\/wp-json\/wp\/v2\/posts\/14553","targetHints":{"allow":["GET"]}}],"collection":[{"href":"http:\/\/www.eldiariopba.com\/noticias\/wp-json\/wp\/v2\/posts"}],"about":[{"href":"http:\/\/www.eldiariopba.com\/noticias\/wp-json\/wp\/v2\/types\/post"}],"author":[{"embeddable":true,"href":"http:\/\/www.eldiariopba.com\/noticias\/wp-json\/wp\/v2\/users\/4"}],"replies":[{"embeddable":true,"href":"http:\/\/www.eldiariopba.com\/noticias\/wp-json\/wp\/v2\/comments?post=14553"}],"version-history":[{"count":1,"href":"http:\/\/www.eldiariopba.com\/noticias\/wp-json\/wp\/v2\/posts\/14553\/revisions"}],"predecessor-version":[{"id":14557,"href":"http:\/\/www.eldiariopba.com\/noticias\/wp-json\/wp\/v2\/posts\/14553\/revisions\/14557"}],"wp:featuredmedia":[{"embeddable":true,"href":"http:\/\/www.eldiariopba.com\/noticias\/wp-json\/wp\/v2\/media\/14555"}],"wp:attachment":[{"href":"http:\/\/www.eldiariopba.com\/noticias\/wp-json\/wp\/v2\/media?parent=14553"}],"wp:term":[{"taxonomy":"category","embeddable":true,"href":"http:\/\/www.eldiariopba.com\/noticias\/wp-json\/wp\/v2\/categories?post=14553"},{"taxonomy":"post_tag","embeddable":true,"href":"http:\/\/www.eldiariopba.com\/noticias\/wp-json\/wp\/v2\/tags?post=14553"}],"curies":[{"name":"wp","href":"https:\/\/api.w.org\/{rel}","templated":true}]}}