{"id":14544,"date":"2026-09-01T12:39:31","date_gmt":"2026-09-01T15:39:31","guid":{"rendered":"https:\/\/www.eldiariopba.com\/noticias\/?p=14544"},"modified":"2026-09-01T12:39:33","modified_gmt":"2026-09-01T15:39:33","slug":"moreno-mariel-fernandez-firmo-convenio-con-la-unlp-y-visito-la-plata","status":"publish","type":"post","link":"http:\/\/www.eldiariopba.com\/noticias\/moreno\/moreno-mariel-fernandez-firmo-convenio-con-la-unlp-y-visito-la-plata\/","title":{"rendered":"Moreno: Mariel Fern\u00e1ndez firm\u00f3 convenio con la UNLP y visit\u00f3 La Plata"},"content":{"rendered":"\n<p class=\"wp-block-paragraph\">La intendenta de Moreno, Mariel Fern\u00e1ndez, desarroll\u00f3 una agenda de trabajo en La Plata que incluy\u00f3 la firma de un convenio con la Universidad Nacional de La Plata, reuniones institucionales con Julio Alak, visitas culturales y un encuentro con productores de la agricultura familiar.<\/p>\n\n\n<div class=\"elementor elementor-33849\" data-elementor-type=\"wp-post\" data-elementor-id=\"33849\" data-elementor-post-type=\"post\">\n<div class=\"elementor-element elementor-element-32e53b9 e-flex e-con-boxed e-con e-parent\" data-id=\"32e53b9\" data-element_type=\"container\">\n<div class=\"e-con-inner\">\n<div class=\"elementor-element elementor-element-b2957ee elementor-widget elementor-widget-text-editor\" data-id=\"b2957ee\" data-element_type=\"widget\" data-widget_type=\"text-editor.default\">\n<div class=\"elementor-widget-container\">\n<p>La jornada comenz\u00f3 con la firma de un acuerdo junto al presidente de la UNLP, <strong>Fernando Tauber<\/strong>, que permitir\u00e1 implementar programas colaborativos entre la universidad y el municipio, incluyendo proyectos vinculados a la producci\u00f3n de alimentos deshidratados para fortalecer la alimentaci\u00f3n en familias y comedores.<\/p>\n<p><a href=\"http:\/\/www.eldiariopba.com\/noticias\/wp-content\/uploads\/2026\/09\/FIRMA-CONVENIO-UNLP-400.jpg\"><img loading=\"lazy\" decoding=\"async\" class=\"wp-image-14545 size-full alignright\" src=\"http:\/\/www.eldiariopba.com\/noticias\/wp-content\/uploads\/2026\/09\/FIRMA-CONVENIO-UNLP-400.jpg\" alt=\"\" width=\"400\" height=\"267\" srcset=\"http:\/\/www.eldiariopba.com\/noticias\/wp-content\/uploads\/2026\/09\/FIRMA-CONVENIO-UNLP-400.jpg 400w, http:\/\/www.eldiariopba.com\/noticias\/wp-content\/uploads\/2026\/09\/FIRMA-CONVENIO-UNLP-400-300x200.jpg 300w\" sizes=\"auto, (max-width: 400px) 100vw, 400px\" \/><\/a><\/p>\n<p>Posteriormente, Fern\u00e1ndez se reuni\u00f3 con el intendente de La Plata, <strong>Julio Alak<\/strong>, con quien dialog\u00f3 sobre el impacto de las pol\u00edticas econ\u00f3micas nacionales y la necesidad de acompa\u00f1ar a las comunidades desde los gobiernos locales. Tambi\u00e9n avanzaron en la planificaci\u00f3n de la muestra itinerante sobre la obra de <strong>Florencio Molina Campos<\/strong>, que pr\u00f3ximamente se exhibir\u00e1 en la capital bonaerense.<\/p>\n<p>Por la tarde, la jefa comunal recorri\u00f3 la <strong>Biblioteca Central de la Provincia<\/strong> junto a <strong>Florencia Saintout<\/strong>, presidenta del Instituto Cultural bonaerense. All\u00ed recibi\u00f3 50 colecciones de libros en el marco del programa <em>\u201c25 para el 25\u201d<\/em>, que ser\u00e1n destinados a espacios comunitarios de Moreno.<\/p>\n<p><a href=\"http:\/\/www.eldiariopba.com\/noticias\/wp-content\/uploads\/2026\/09\/veterinaria-mdn-400.jpg\"><img loading=\"lazy\" decoding=\"async\" class=\"wp-image-14541 size-full alignright\" src=\"http:\/\/www.eldiariopba.com\/noticias\/wp-content\/uploads\/2026\/09\/veterinaria-mdn-400.jpg\" alt=\"\" width=\"400\" height=\"225\" srcset=\"http:\/\/www.eldiariopba.com\/noticias\/wp-content\/uploads\/2026\/09\/veterinaria-mdn-400.jpg 400w, http:\/\/www.eldiariopba.com\/noticias\/wp-content\/uploads\/2026\/09\/veterinaria-mdn-400-300x169.jpg 300w\" sizes=\"auto, (max-width: 400px) 100vw, 400px\" \/><\/a><\/p>\n<p>Finalmente, Fern\u00e1ndez particip\u00f3 de un encuentro con productores de la <strong>agricultura familiar en Colonia Urquiza<\/strong>, quienes expusieron las dificultades que atraviesan por la crisis econ\u00f3mica y la apertura de importaciones. La intendenta reafirm\u00f3 la necesidad de construir propuestas de gobierno que acompa\u00f1en al sector y sostuvo: <em>\u201cEn nuestro pa\u00eds hay riqueza para que todas y todos vivamos con dignidad y felicidad. Necesitamos recuperar un gobierno popular que defienda el trabajo argentino y genere oportunidades de desarrollo integral\u201d<\/em>.<\/p>\n<p>La visita a La Plata se enmarca en la recorrida provincial que Fern\u00e1ndez viene realizando por distintos municipios bonaerenses, con el objetivo de fortalecer el di\u00e1logo directo con las comunidades y conocer las realidades locales.<\/p>\n<\/div>\n<\/div>\n<\/div>\n<\/div>\n<\/div>","protected":false},"excerpt":{"rendered":"<p>La intendenta de Moreno, Mariel Fern\u00e1ndez, desarroll\u00f3 una agenda de trabajo en La Plata que incluy\u00f3 la firma de un convenio con la Universidad Nacional de La Plata, reuniones institucionales con Julio Alak, visitas culturales y un encuentro con productores de la agricultura familiar. La jornada comenz\u00f3 con la firma de un acuerdo junto al&#8230;<\/p>\n","protected":false},"author":4,"featured_media":14546,"comment_status":"closed","ping_status":"closed","sticky":false,"template":"","format":"standard","meta":{"_jetpack_memberships_contains_paid_content":false,"footnotes":"","jetpack_publicize_message":"","jetpack_publicize_feature_enabled":true,"jetpack_social_post_already_shared":true,"jetpack_social_options":{"image_generator_settings":{"template":"highway","default_image_id":0,"font":"","enabled":false},"version":2}},"categories":[7],"tags":[1587,1586,199,84,1475],"class_list":["post-14544","post","type-post","status-publish","format-standard","has-post-thumbnail","hentry","category-moreno","tag-julio-alak","tag-la-plata","tag-mariel-fernandez","tag-moreno","tag-visita"],"jetpack_publicize_connections":[],"jetpack_featured_media_url":"http:\/\/www.eldiariopba.com\/noticias\/wp-content\/uploads\/2026\/09\/Mariel-Fernandez-y-Julio-Alak-slide.jpg","jetpack_sharing_enabled":true,"_links":{"self":[{"href":"http:\/\/www.eldiariopba.com\/noticias\/wp-json\/wp\/v2\/posts\/14544","targetHints":{"allow":["GET"]}}],"collection":[{"href":"http:\/\/www.eldiariopba.com\/noticias\/wp-json\/wp\/v2\/posts"}],"about":[{"href":"http:\/\/www.eldiariopba.com\/noticias\/wp-json\/wp\/v2\/types\/post"}],"author":[{"embeddable":true,"href":"http:\/\/www.eldiariopba.com\/noticias\/wp-json\/wp\/v2\/users\/4"}],"replies":[{"embeddable":true,"href":"http:\/\/www.eldiariopba.com\/noticias\/wp-json\/wp\/v2\/comments?post=14544"}],"version-history":[{"count":1,"href":"http:\/\/www.eldiariopba.com\/noticias\/wp-json\/wp\/v2\/posts\/14544\/revisions"}],"predecessor-version":[{"id":14548,"href":"http:\/\/www.eldiariopba.com\/noticias\/wp-json\/wp\/v2\/posts\/14544\/revisions\/14548"}],"wp:featuredmedia":[{"embeddable":true,"href":"http:\/\/www.eldiariopba.com\/noticias\/wp-json\/wp\/v2\/media\/14546"}],"wp:attachment":[{"href":"http:\/\/www.eldiariopba.com\/noticias\/wp-json\/wp\/v2\/media?parent=14544"}],"wp:term":[{"taxonomy":"category","embeddable":true,"href":"http:\/\/www.eldiariopba.com\/noticias\/wp-json\/wp\/v2\/categories?post=14544"},{"taxonomy":"post_tag","embeddable":true,"href":"http:\/\/www.eldiariopba.com\/noticias\/wp-json\/wp\/v2\/tags?post=14544"}],"curies":[{"name":"wp","href":"https:\/\/api.w.org\/{rel}","templated":true}]}}