{"id":14537,"date":"2026-09-01T12:28:47","date_gmt":"2026-09-01T15:28:47","guid":{"rendered":"https:\/\/www.eldiariopba.com\/noticias\/?p=14537"},"modified":"2026-09-01T12:28:49","modified_gmt":"2026-09-01T15:28:49","slug":"ituzaingo-celebra-la-fricc-2026-con-mas-cultura-y-trabajo","status":"publish","type":"post","link":"http:\/\/www.eldiariopba.com\/noticias\/ituzaingo\/ituzaingo-celebra-la-fricc-2026-con-mas-cultura-y-trabajo\/","title":{"rendered":"Ituzaing\u00f3 celebra la FRICC 2026 con m\u00e1s cultura y trabajo"},"content":{"rendered":"\n<p class=\"wp-block-paragraph\">El Municipio de Ituzaing\u00f3 anunci\u00f3 la segunda edici\u00f3n de la Feria Regional de Industrias Culturales y Creativas (FRICC), que se realizar\u00e1 el 5 y 6 de septiembre en la Plaza San Mart\u00edn y otros espacios culturales de Ituzaing\u00f3 Sur, con propuestas que integran comunidad, trabajo y desarrollo cultural.<\/p>\n\n\n<div class=\"elementor elementor-33849\" data-elementor-type=\"wp-post\" data-elementor-id=\"33849\" data-elementor-post-type=\"post\">\n<div class=\"elementor-element elementor-element-32e53b9 e-flex e-con-boxed e-con e-parent\" data-id=\"32e53b9\" data-element_type=\"container\">\n<div class=\"e-con-inner\">\n<div class=\"elementor-element elementor-element-b2957ee elementor-widget elementor-widget-text-editor\" data-id=\"b2957ee\" data-element_type=\"widget\" data-widget_type=\"text-editor.default\">\n<div class=\"elementor-widget-container\">\n<p>La <strong>Feria Regional de Industrias Culturales y Creativas (FRICC)<\/strong> regresa con su segunda edici\u00f3n los d\u00edas <strong>5 y 6 de septiembre<\/strong> en la <strong>Plaza San Mart\u00edn<\/strong> (24 de Octubre y Mariano Acosta) y otros espacios culturales de Ituzaing\u00f3 Sur. La iniciativa busca ampliar la mirada sobre las industrias culturales y reconocer el aporte de artistas, artesanos, emprendedores y organizaciones comunitarias de la Zona Oeste.<\/p>\n<p><a href=\"http:\/\/www.eldiariopba.com\/noticias\/wp-content\/uploads\/2026\/09\/FRICC-2026-slide.jpg\"><img loading=\"lazy\" decoding=\"async\" class=\"wp-image-14538  alignright\" src=\"http:\/\/www.eldiariopba.com\/noticias\/wp-content\/uploads\/2026\/09\/FRICC-2026-slide.jpg\" alt=\"\" width=\"419\" height=\"211\" \/><\/a><\/p>\n<p>La FRICC 2026 se propone <strong>visibilizar proyectos culturales que nacen en los barrios<\/strong>, fortaleciendo la identidad local y generando oportunidades de trabajo y desarrollo econ\u00f3mico. Desde la producci\u00f3n artesanal hasta la gesti\u00f3n cultural, la feria pone en valor una trama que muchas veces se desarrolla por fuera de las estructuras tradicionales, pero que resulta esencial para la comunidad.<\/p>\n<p>Durante el evento, los vecinos y vecinas podr\u00e1n acceder a <strong>descuentos y promociones especiales en comercios cercanos a la Plaza San Mart\u00edn<\/strong>, consolidando el v\u00ednculo entre cultura y econom\u00eda local.<\/p>\n<p>El cronograma completo de actividades y la lista de comercios adheridos puede consultarse en <a href=\"https:\/\/bit.ly\/4xrAtDr\">bit.ly\/4xrAtDr<\/a>.<\/p>\n<p>Con esta propuesta, el Municipio reafirma su compromiso con el <strong>trabajo comunitario, la producci\u00f3n cultural y el desarrollo econ\u00f3mico<\/strong>, generando un espacio de encuentro que potencia la creatividad y la participaci\u00f3n colectiva.<\/p>\n<\/div>\n<\/div>\n<\/div>\n<\/div>\n<\/div>","protected":false},"excerpt":{"rendered":"<p>El Municipio de Ituzaing\u00f3 anunci\u00f3 la segunda edici\u00f3n de la Feria Regional de Industrias Culturales y Creativas (FRICC), que se realizar\u00e1 el 5 y 6 de septiembre en la Plaza San Mart\u00edn y otros espacios culturales de Ituzaing\u00f3 Sur, con propuestas que integran comunidad, trabajo y desarrollo cultural. La Feria Regional de Industrias Culturales y&#8230;<\/p>\n","protected":false},"author":4,"featured_media":14538,"comment_status":"closed","ping_status":"closed","sticky":false,"template":"","format":"standard","meta":{"_jetpack_memberships_contains_paid_content":false,"footnotes":"","jetpack_publicize_message":"","jetpack_publicize_feature_enabled":true,"jetpack_social_post_already_shared":true,"jetpack_social_options":{"image_generator_settings":{"template":"highway","default_image_id":0,"font":"","enabled":false},"version":2}},"categories":[4],"tags":[1582,1581,1583,90],"class_list":["post-14537","post","type-post","status-publish","format-standard","has-post-thumbnail","hentry","category-ituzaingo","tag-feria-regiona","tag-fricc-2026","tag-industrias-y-creativas","tag-ituzaingo"],"jetpack_publicize_connections":[],"jetpack_featured_media_url":"http:\/\/www.eldiariopba.com\/noticias\/wp-content\/uploads\/2026\/09\/FRICC-2026-slide.jpg","jetpack_sharing_enabled":true,"_links":{"self":[{"href":"http:\/\/www.eldiariopba.com\/noticias\/wp-json\/wp\/v2\/posts\/14537","targetHints":{"allow":["GET"]}}],"collection":[{"href":"http:\/\/www.eldiariopba.com\/noticias\/wp-json\/wp\/v2\/posts"}],"about":[{"href":"http:\/\/www.eldiariopba.com\/noticias\/wp-json\/wp\/v2\/types\/post"}],"author":[{"embeddable":true,"href":"http:\/\/www.eldiariopba.com\/noticias\/wp-json\/wp\/v2\/users\/4"}],"replies":[{"embeddable":true,"href":"http:\/\/www.eldiariopba.com\/noticias\/wp-json\/wp\/v2\/comments?post=14537"}],"version-history":[{"count":1,"href":"http:\/\/www.eldiariopba.com\/noticias\/wp-json\/wp\/v2\/posts\/14537\/revisions"}],"predecessor-version":[{"id":14539,"href":"http:\/\/www.eldiariopba.com\/noticias\/wp-json\/wp\/v2\/posts\/14537\/revisions\/14539"}],"wp:featuredmedia":[{"embeddable":true,"href":"http:\/\/www.eldiariopba.com\/noticias\/wp-json\/wp\/v2\/media\/14538"}],"wp:attachment":[{"href":"http:\/\/www.eldiariopba.com\/noticias\/wp-json\/wp\/v2\/media?parent=14537"}],"wp:term":[{"taxonomy":"category","embeddable":true,"href":"http:\/\/www.eldiariopba.com\/noticias\/wp-json\/wp\/v2\/categories?post=14537"},{"taxonomy":"post_tag","embeddable":true,"href":"http:\/\/www.eldiariopba.com\/noticias\/wp-json\/wp\/v2\/tags?post=14537"}],"curies":[{"name":"wp","href":"https:\/\/api.w.org\/{rel}","templated":true}]}}