{"id":14533,"date":"2026-09-01T12:39:00","date_gmt":"2026-09-01T15:39:00","guid":{"rendered":"https:\/\/www.eldiariopba.com\/noticias\/?p=14533"},"modified":"2026-09-01T12:40:12","modified_gmt":"2026-09-01T15:40:12","slug":"la-matanza-inaugura-la-19-feria-del-libro","status":"publish","type":"post","link":"http:\/\/www.eldiariopba.com\/noticias\/la-matanza\/la-matanza-inaugura-la-19-feria-del-libro\/","title":{"rendered":"La Matanza inaugura la 19\u00b0 Feria del Libro"},"content":{"rendered":"\n<p class=\"wp-block-paragraph\">Del 11 al 21 de septiembre, la Plaza San Mart\u00edn de San Justo ser\u00e1 sede de la 19\u00b0 Feria del Libro de La Matanza, con entrada libre y gratuita, stands editoriales, charlas de figuras nacionales, shows en vivo y propuestas gastron\u00f3micas.<\/p>\n\n\n<div class=\"elementor elementor-33849\" data-elementor-type=\"wp-post\" data-elementor-id=\"33849\" data-elementor-post-type=\"post\">\n<div class=\"elementor-element elementor-element-32e53b9 e-flex e-con-boxed e-con e-parent\" data-id=\"32e53b9\" data-element_type=\"container\">\n<div class=\"e-con-inner\">\n<div class=\"elementor-element elementor-element-b2957ee elementor-widget elementor-widget-text-editor\" data-id=\"b2957ee\" data-element_type=\"widget\" data-widget_type=\"text-editor.default\">\n<div class=\"elementor-widget-container\">\n<p>El Municipio de La Matanza anunci\u00f3 la realizaci\u00f3n de la <strong>19\u00b0 Feria del Libro<\/strong>, que se llevar\u00e1 a cabo del <strong>11 al 21 de septiembre<\/strong> en la <strong>Plaza General San Mart\u00edn de San Justo<\/strong>, con entrada libre y gratuita. Se trata del evento literario y cultural m\u00e1s importante de la provincia de Buenos Aires, que cada a\u00f1o convoca a m\u00e1s de <strong>500 mil visitantes<\/strong> del distrito y de partidos vecinos, incluyendo la Ciudad Aut\u00f3noma de Buenos Aires.<\/p>\n<p><a href=\"http:\/\/www.eldiariopba.com\/noticias\/wp-content\/uploads\/2026\/09\/Feria-del-Libro-26-mdn-400.jpg\"><img loading=\"lazy\" decoding=\"async\" class=\"wp-image-14534 size-full alignright\" src=\"http:\/\/www.eldiariopba.com\/noticias\/wp-content\/uploads\/2026\/09\/Feria-del-Libro-26-mdn-400.jpg\" alt=\"\" width=\"400\" height=\"267\" srcset=\"http:\/\/www.eldiariopba.com\/noticias\/wp-content\/uploads\/2026\/09\/Feria-del-Libro-26-mdn-400.jpg 400w, http:\/\/www.eldiariopba.com\/noticias\/wp-content\/uploads\/2026\/09\/Feria-del-Libro-26-mdn-400-300x200.jpg 300w\" sizes=\"auto, (max-width: 400px) 100vw, 400px\" \/><\/a><\/p>\n<p>La feria contar\u00e1 con <strong>stands editoriales<\/strong>, presentaciones de libros, espect\u00e1culos infantiles y musicales, adem\u00e1s de un <strong>patio gastron\u00f3mico con food trucks<\/strong>. Entre las figuras nacionales que participar\u00e1n se destacan <strong>Pedro Saborido, Alejandro Bercovich, Alejandro Dolina, Fernando Borroni, Carito M\u00fcller e Ignacio Copani<\/strong>.<\/p>\n<p>El <strong>acto inaugural oficial<\/strong> ser\u00e1 el <strong>lunes 14 de septiembre a las 17:30 horas<\/strong>, con la actuaci\u00f3n especial de <strong>Mora Godoy<\/strong> y presentaciones art\u00edsticas de Fabio Santana, los Coros y Orquestas locales, la Banda de M\u00fasica Municipal, el Taller Intensivo de Teatro Musical de la Casa de Cultura de Ramos Mej\u00eda, el Estudio de Danza y Arte Alas y el Taller Alegr\u00eda. Durante la ceremonia se entregar\u00e1n menciones y premios a los ganadores de los concursos culturales del distrito.<\/p>\n<p>Entre las actividades centrales se destacan los festejos por el <strong>D\u00eda de la Primavera<\/strong> y la tradicional presentaci\u00f3n del <strong>Peric\u00f3n Nacional<\/strong>.<\/p>\n<p>La feria estar\u00e1 abierta de <strong>lunes a jueves de 10 a 20 horas<\/strong>, y los <strong>fines de semana y el viernes 11 de septiembre de 12 a 20 horas<\/strong>. La agenda completa estar\u00e1 disponible en las redes sociales y la web oficial del Municipio de La Matanza.<\/p>\n<p>Con esta propuesta, el Municipio reafirma su compromiso con la <strong>cultura, la educaci\u00f3n y el acceso democr\u00e1tico a la literatura<\/strong>, consolidando a La Matanza como un polo cultural de referencia en la provincia.<\/p>\n<\/div>\n<\/div>\n<\/div>\n<\/div>\n<\/div>","protected":false},"excerpt":{"rendered":"<p>Del 11 al 21 de septiembre, la Plaza San Mart\u00edn de San Justo ser\u00e1 sede de la 19\u00b0 Feria del Libro de La Matanza, con entrada libre y gratuita, stands editoriales, charlas de figuras nacionales, shows en vivo y propuestas gastron\u00f3micas. El Municipio de La Matanza anunci\u00f3 la realizaci\u00f3n de la 19\u00b0 Feria del Libro,&#8230;<\/p>\n","protected":false},"author":4,"featured_media":14535,"comment_status":"closed","ping_status":"closed","sticky":false,"template":"","format":"standard","meta":{"_jetpack_memberships_contains_paid_content":false,"footnotes":"","jetpack_publicize_message":"","jetpack_publicize_feature_enabled":true,"jetpack_social_post_already_shared":true,"jetpack_social_options":{"image_generator_settings":{"template":"highway","default_image_id":0,"font":"","enabled":false},"version":2}},"categories":[5],"tags":[1580,784,154],"class_list":["post-14533","post","type-post","status-publish","format-standard","has-post-thumbnail","hentry","category-la-matanza","tag-1580","tag-feria-del-libro","tag-la-matanza"],"jetpack_publicize_connections":[],"jetpack_featured_media_url":"http:\/\/www.eldiariopba.com\/noticias\/wp-content\/uploads\/2026\/09\/Feria-del-Libro-26-slide.jpg","jetpack_sharing_enabled":true,"_links":{"self":[{"href":"http:\/\/www.eldiariopba.com\/noticias\/wp-json\/wp\/v2\/posts\/14533","targetHints":{"allow":["GET"]}}],"collection":[{"href":"http:\/\/www.eldiariopba.com\/noticias\/wp-json\/wp\/v2\/posts"}],"about":[{"href":"http:\/\/www.eldiariopba.com\/noticias\/wp-json\/wp\/v2\/types\/post"}],"author":[{"embeddable":true,"href":"http:\/\/www.eldiariopba.com\/noticias\/wp-json\/wp\/v2\/users\/4"}],"replies":[{"embeddable":true,"href":"http:\/\/www.eldiariopba.com\/noticias\/wp-json\/wp\/v2\/comments?post=14533"}],"version-history":[{"count":1,"href":"http:\/\/www.eldiariopba.com\/noticias\/wp-json\/wp\/v2\/posts\/14533\/revisions"}],"predecessor-version":[{"id":14536,"href":"http:\/\/www.eldiariopba.com\/noticias\/wp-json\/wp\/v2\/posts\/14533\/revisions\/14536"}],"wp:featuredmedia":[{"embeddable":true,"href":"http:\/\/www.eldiariopba.com\/noticias\/wp-json\/wp\/v2\/media\/14535"}],"wp:attachment":[{"href":"http:\/\/www.eldiariopba.com\/noticias\/wp-json\/wp\/v2\/media?parent=14533"}],"wp:term":[{"taxonomy":"category","embeddable":true,"href":"http:\/\/www.eldiariopba.com\/noticias\/wp-json\/wp\/v2\/categories?post=14533"},{"taxonomy":"post_tag","embeddable":true,"href":"http:\/\/www.eldiariopba.com\/noticias\/wp-json\/wp\/v2\/tags?post=14533"}],"curies":[{"name":"wp","href":"https:\/\/api.w.org\/{rel}","templated":true}]}}